{"id":211,"date":"2009-08-24T13:30:32","date_gmt":"2009-08-24T11:30:32","guid":{"rendered":"http:\/\/wrap.hu\/?p=211"},"modified":"2011-06-02T01:34:38","modified_gmt":"2011-06-01T23:34:38","slug":"invitation-for-ericssons-new-year-concert-2008","status":"publish","type":"post","link":"https:\/\/wrap.hu\/?p=211","title":{"rendered":"Invitation for Ericsson&#8217;s New Year Concert 2008"},"content":{"rendered":"<p>This invitation card was made for Ericsson. They organise a jazz concert every January. In 2008 Korn\u00e9l Horv\u00e1th and Alegre Corr\u00eaa played the tunes.<\/p>\n<div id=\"attachment_214\" style=\"width: 920px\" class=\"wp-caption alignnone\"><img loading=\"lazy\" decoding=\"async\" aria-describedby=\"caption-attachment-214\" src=\"http:\/\/wrap.hu\/wp-content\/uploads\/2009\/08\/ericsson_jazz08-close.jpg\" alt=\"Close-up of front page\" title=\"ericsson_jazz08-close\" width=\"910\" height=\"195\" class=\"size-full wp-image-214\" \/><p id=\"caption-attachment-214\" class=\"wp-caption-text\">Close-up of front page<\/p><\/div>\n<div id=\"attachment_212\" style=\"width: 919px\" class=\"wp-caption alignnone\"><img loading=\"lazy\" decoding=\"async\" aria-describedby=\"caption-attachment-212\" src=\"http:\/\/wrap.hu\/wp-content\/uploads\/2009\/08\/ericsson_jazz08-1.jpg\" alt=\"Front page\" title=\"ericsson_jazz08-1\" width=\"909\" height=\"450\" class=\"size-full wp-image-212\" \/><p id=\"caption-attachment-212\" class=\"wp-caption-text\">Front page<\/p><\/div>\n<div id=\"attachment_213\" style=\"width: 920px\" class=\"wp-caption alignnone\"><img loading=\"lazy\" decoding=\"async\" aria-describedby=\"caption-attachment-213\" src=\"http:\/\/wrap.hu\/wp-content\/uploads\/2009\/08\/ericsson_jazz08-2.jpg\" alt=\"Inner page\" title=\"ericsson_jazz08-2\" width=\"910\" height=\"450\" class=\"size-full wp-image-213\" \/><p id=\"caption-attachment-213\" class=\"wp-caption-text\">Inner page<\/p><\/div>\n","protected":false},"excerpt":{"rendered":"<p>This invitation card was made for Ericsson. They organise a jazz concert every January. In 2008 Korn\u00e9l Horv\u00e1th and Alegre Corr\u00eaa played the tunes.<\/p>\n","protected":false},"author":1,"featured_media":0,"comment_status":"closed","ping_status":"closed","sticky":false,"template":"","format":"standard","meta":{"footnotes":""},"categories":[16,12,10],"tags":[],"class_list":["post-211","post","type-post","status-publish","format-standard","hentry","category-cooperation-art1st","category-printed","category-rejected"],"aioseo_notices":[],"jetpack_featured_media_url":"","_links":{"self":[{"href":"https:\/\/wrap.hu\/index.php?rest_route=\/wp\/v2\/posts\/211","targetHints":{"allow":["GET"]}}],"collection":[{"href":"https:\/\/wrap.hu\/index.php?rest_route=\/wp\/v2\/posts"}],"about":[{"href":"https:\/\/wrap.hu\/index.php?rest_route=\/wp\/v2\/types\/post"}],"author":[{"embeddable":true,"href":"https:\/\/wrap.hu\/index.php?rest_route=\/wp\/v2\/users\/1"}],"replies":[{"embeddable":true,"href":"https:\/\/wrap.hu\/index.php?rest_route=%2Fwp%2Fv2%2Fcomments&post=211"}],"version-history":[{"count":9,"href":"https:\/\/wrap.hu\/index.php?rest_route=\/wp\/v2\/posts\/211\/revisions"}],"predecessor-version":[{"id":455,"href":"https:\/\/wrap.hu\/index.php?rest_route=\/wp\/v2\/posts\/211\/revisions\/455"}],"wp:attachment":[{"href":"https:\/\/wrap.hu\/index.php?rest_route=%2Fwp%2Fv2%2Fmedia&parent=211"}],"wp:term":[{"taxonomy":"category","embeddable":true,"href":"https:\/\/wrap.hu\/index.php?rest_route=%2Fwp%2Fv2%2Fcategories&post=211"},{"taxonomy":"post_tag","embeddable":true,"href":"https:\/\/wrap.hu\/index.php?rest_route=%2Fwp%2Fv2%2Ftags&post=211"}],"curies":[{"name":"wp","href":"https:\/\/api.w.org\/{rel}","templated":true}]}}